{"id":115,"date":"2020-01-13T13:43:00","date_gmt":"2020-01-13T13:43:00","guid":{"rendered":"https:\/\/misije.hbk.hr\/?p=115"},"modified":"2024-02-01T03:50:27","modified_gmt":"2024-02-01T03:50:27","slug":"misijsko-djelovanje-labinskog-dekanata","status":"publish","type":"post","link":"https:\/\/misije.hr\/en\/2020\/01\/misijsko-djelovanje-labinskog-dekanata\/","title":{"rendered":"Misijsko djelovanje labinskog dekanata"},"content":{"rendered":"<p>Papa Franjo proglasio je mjesec listopad misijskim mjesecom pod geslom \u201eKr\u0161teni i poslani\u201c. U Pore\u010dkoj i pulskoj biskupiji taj mjesec zapo\u010deo je 1. rujna primanjem misijskog kri\u017ea vl\u010d. Luke Pranji\u0107a, koji je oti\u0161ao u misije u dalek Ekvador.<br>U Labinskom dekanatu otvaranje misijskog mjeseca zapo\u010delo je 1. listopada, na spomendan Male Terezije od Djeteta Isusa, suza\u0161titnice misija, molitvom <em>Misijske krunice<\/em> prije sv. mise koju je predvodio vl\u010d. Mirko Vuk\u0161i\u0107, povjerenik za misije Pore\u010dke i pulske biskupije. Cijeli se mjesec u \u017eupama Labinskog dekanata molilo za sve misionare razasute diljem svijeta (njih 79 iz domovine), i to <em>Misijska krunica<\/em> te <em>Molitva pape Franje za Izvanredni misijski mjesec<\/em>. Organizirana su misijska klanjanja u \u017eupama Donji i Gornji Labin te zajedni\u010dka proslava Izvanrednoga misijskog mjeseca u \u017dupi \u010cepi\u0107, u kojoj je 14. listopada odr\u017eano dekanatsko misijsko klanjanje.<br>Labinski su se vjernici uklju\u010dili u pomo\u0107 misionarima nov\u010danim prinosom, organiziranjem akcija za tu prigodu te molitvom.<br>Izlo\u017eba s temom Izvanrednoga misijskog mjeseca postavljena je u Dvorani bla\u017eenog Miroslava Bule\u0161i\u0107a u Gornjem Labinu i na njoj su zorno prikazani svi na\u0161i hrvatski misionari te zemlje u kojima djeluju. Na svetim misama podijeljene su kartice sa slikom svakoga pojedinog misionara i njegovom kratkom biografijom, da vjernici uklju\u010de u svoje molitve misionara kojeg su dobili.<br>Na sam Svjetski dan misija, 20. listopada, zajedni\u010dkim snagama Udruge sv. Vinka Paulskoga i Caritasa organizirana je uspje\u0161na akcija prodaje kola\u010da te fotografija koje je izradila mlada labinska umjetnica. Sav je dobrovoljni prilog upu\u0107en u Papinska misijska djela u RH. Misijske kutijice koje su izradile \u010dlanice Caritasa te kutijice \u201eDjeca poma\u017eu djeci\u201c podijeljenje su u crkvama, \u0161kolama i vrti\u0107u. Na taj \u0107e se na\u010din, \u0161tednjom do Dana svetog Djetinjstva, 6. sije\u010dnja 2020., prikupljati nov\u010dana sredstva, da bismo tako razvili svijest i pokazali da mislimo i na one &nbsp;najugro\u017eenije i najpotrebitije na svijetu, kao i na na\u0161e misionare koji se nesebi\u010dno daju u \u0161irenju radosne vijesti. Neka nam oni budu u molitvama uvijek, a ne samo u Izvanrednome misijskom mjesecu, jer pozvani smo pomagati jedni drugima da bismo Krista donijeli svima.<\/p>","protected":false},"excerpt":{"rendered":"<p>Papa Franjo proglasio je mjesec listopad misijskim mjesecom pod geslom \u201eKr\u0161teni i poslani\u201c. U Pore\u010dkoj i pulskoj biskupiji taj mjesec zapo\u010deo je 1. rujna primanjem misijskog kri\u017ea vl\u010d. Luke Pranji\u0107a, koji je oti\u0161ao u misije u dalek Ekvador.U Labinskom dekanatu otvaranje misijskog mjeseca zapo\u010delo je 1. listopada, na spomendan Male Terezije od Djeteta Isusa, suza\u0161titnice misija, molitvom Misijske krunice prije&hellip;<\/p>","protected":false},"author":1,"featured_media":116,"comment_status":"closed","ping_status":"closed","sticky":false,"template":"","format":"standard","meta":{"_acf_changed":false,"footnotes":""},"categories":[3],"tags":[],"class_list":["post-115","post","type-post","status-publish","format-standard","has-post-thumbnail","hentry","category-misijske-aktivnosti"],"acf":[],"yoast_head":"<!-- This site is optimized with the Yoast SEO plugin v27.3 - https:\/\/yoast.com\/product\/yoast-seo-wordpress\/ -->\n<title>Misijsko djelovanje labinskog dekanata - Misije<\/title>\n<meta name=\"robots\" content=\"index, follow, max-snippet:-1, max-image-preview:large, max-video-preview:-1\" \/>\n<link rel=\"canonical\" href=\"https:\/\/misije.hr\/en\/2020\/01\/misijsko-djelovanje-labinskog-dekanata\/\" \/>\n<meta property=\"og:locale\" content=\"en_US\" \/>\n<meta property=\"og:type\" content=\"article\" \/>\n<meta property=\"og:title\" content=\"Misijsko djelovanje labinskog dekanata - Misije\" \/>\n<meta property=\"og:description\" content=\"Papa Franjo proglasio je mjesec listopad misijskim mjesecom pod geslom \u201eKr\u0161teni i poslani\u201c. U Pore\u010dkoj i pulskoj biskupiji taj mjesec zapo\u010deo je 1. rujna primanjem misijskog kri\u017ea vl\u010d. Luke Pranji\u0107a, koji je oti\u0161ao u misije u dalek Ekvador.U Labinskom dekanatu otvaranje misijskog mjeseca zapo\u010delo je 1. listopada, na spomendan Male Terezije od Djeteta Isusa, suza\u0161titnice misija, molitvom Misijske krunice prije&hellip;\" \/>\n<meta property=\"og:url\" content=\"https:\/\/misije.hr\/en\/2020\/01\/misijsko-djelovanje-labinskog-dekanata\/\" \/>\n<meta property=\"og:site_name\" content=\"Misije\" \/>\n<meta property=\"article:publisher\" content=\"https:\/\/www.facebook.com\/missioHR\" \/>\n<meta property=\"article:published_time\" content=\"2020-01-13T13:43:00+00:00\" \/>\n<meta property=\"article:modified_time\" content=\"2024-02-01T03:50:27+00:00\" \/>\n<meta property=\"og:image\" content=\"https:\/\/misije.hr\/wp-content\/uploads\/2021\/09\/Labin-2.jpg\" \/>\n\t<meta property=\"og:image:width\" content=\"300\" \/>\n\t<meta property=\"og:image:height\" content=\"146\" \/>\n\t<meta property=\"og:image:type\" content=\"image\/jpeg\" \/>\n<meta name=\"author\" content=\"admin\" \/>\n<meta name=\"twitter:card\" content=\"summary_large_image\" \/>\n<meta name=\"twitter:label1\" content=\"Written by\" \/>\n\t<meta name=\"twitter:data1\" content=\"admin\" \/>\n\t<meta name=\"twitter:label2\" content=\"Est. reading time\" \/>\n\t<meta name=\"twitter:data2\" content=\"2 minutes\" \/>\n<script type=\"application\/ld+json\" class=\"yoast-schema-graph\">{\"@context\":\"https:\\\/\\\/schema.org\",\"@graph\":[{\"@type\":\"Article\",\"@id\":\"https:\\\/\\\/misije.hr\\\/2020\\\/01\\\/misijsko-djelovanje-labinskog-dekanata\\\/#article\",\"isPartOf\":{\"@id\":\"https:\\\/\\\/misije.hr\\\/2020\\\/01\\\/misijsko-djelovanje-labinskog-dekanata\\\/\"},\"author\":{\"name\":\"admin\",\"@id\":\"https:\\\/\\\/misije.hr\\\/#\\\/schema\\\/person\\\/ad1ec4d5f8ef84d62c2fe51ef22e95e5\"},\"headline\":\"Misijsko djelovanje labinskog dekanata\",\"datePublished\":\"2020-01-13T13:43:00+00:00\",\"dateModified\":\"2024-02-01T03:50:27+00:00\",\"mainEntityOfPage\":{\"@id\":\"https:\\\/\\\/misije.hr\\\/2020\\\/01\\\/misijsko-djelovanje-labinskog-dekanata\\\/\"},\"wordCount\":367,\"publisher\":{\"@id\":\"https:\\\/\\\/misije.hr\\\/#organization\"},\"image\":{\"@id\":\"https:\\\/\\\/misije.hr\\\/2020\\\/01\\\/misijsko-djelovanje-labinskog-dekanata\\\/#primaryimage\"},\"thumbnailUrl\":\"https:\\\/\\\/misije.hr\\\/wp-content\\\/uploads\\\/2021\\\/09\\\/Labin-2.jpg\",\"articleSection\":[\"Misijske aktivnosti\"],\"inLanguage\":\"en-US\"},{\"@type\":\"WebPage\",\"@id\":\"https:\\\/\\\/misije.hr\\\/2020\\\/01\\\/misijsko-djelovanje-labinskog-dekanata\\\/\",\"url\":\"https:\\\/\\\/misije.hr\\\/2020\\\/01\\\/misijsko-djelovanje-labinskog-dekanata\\\/\",\"name\":\"Misijsko djelovanje labinskog dekanata - Misije\",\"isPartOf\":{\"@id\":\"https:\\\/\\\/misije.hr\\\/#website\"},\"primaryImageOfPage\":{\"@id\":\"https:\\\/\\\/misije.hr\\\/2020\\\/01\\\/misijsko-djelovanje-labinskog-dekanata\\\/#primaryimage\"},\"image\":{\"@id\":\"https:\\\/\\\/misije.hr\\\/2020\\\/01\\\/misijsko-djelovanje-labinskog-dekanata\\\/#primaryimage\"},\"thumbnailUrl\":\"https:\\\/\\\/misije.hr\\\/wp-content\\\/uploads\\\/2021\\\/09\\\/Labin-2.jpg\",\"datePublished\":\"2020-01-13T13:43:00+00:00\",\"dateModified\":\"2024-02-01T03:50:27+00:00\",\"breadcrumb\":{\"@id\":\"https:\\\/\\\/misije.hr\\\/2020\\\/01\\\/misijsko-djelovanje-labinskog-dekanata\\\/#breadcrumb\"},\"inLanguage\":\"en-US\",\"potentialAction\":[{\"@type\":\"ReadAction\",\"target\":[\"https:\\\/\\\/misije.hr\\\/2020\\\/01\\\/misijsko-djelovanje-labinskog-dekanata\\\/\"]}]},{\"@type\":\"ImageObject\",\"inLanguage\":\"en-US\",\"@id\":\"https:\\\/\\\/misije.hr\\\/2020\\\/01\\\/misijsko-djelovanje-labinskog-dekanata\\\/#primaryimage\",\"url\":\"https:\\\/\\\/misije.hr\\\/wp-content\\\/uploads\\\/2021\\\/09\\\/Labin-2.jpg\",\"contentUrl\":\"https:\\\/\\\/misije.hr\\\/wp-content\\\/uploads\\\/2021\\\/09\\\/Labin-2.jpg\",\"width\":300,\"height\":146},{\"@type\":\"BreadcrumbList\",\"@id\":\"https:\\\/\\\/misije.hr\\\/2020\\\/01\\\/misijsko-djelovanje-labinskog-dekanata\\\/#breadcrumb\",\"itemListElement\":[{\"@type\":\"ListItem\",\"position\":1,\"name\":\"Naslovnica\",\"item\":\"https:\\\/\\\/misije.hr\\\/\"},{\"@type\":\"ListItem\",\"position\":2,\"name\":\"Misijsko djelovanje labinskog dekanata\"}]},{\"@type\":\"WebSite\",\"@id\":\"https:\\\/\\\/misije.hr\\\/#website\",\"url\":\"https:\\\/\\\/misije.hr\\\/\",\"name\":\"Misije\",\"description\":\"misije\",\"publisher\":{\"@id\":\"https:\\\/\\\/misije.hr\\\/#organization\"},\"potentialAction\":[{\"@type\":\"SearchAction\",\"target\":{\"@type\":\"EntryPoint\",\"urlTemplate\":\"https:\\\/\\\/misije.hr\\\/?s={search_term_string}\"},\"query-input\":{\"@type\":\"PropertyValueSpecification\",\"valueRequired\":true,\"valueName\":\"search_term_string\"}}],\"inLanguage\":\"en-US\"},{\"@type\":\"Organization\",\"@id\":\"https:\\\/\\\/misije.hr\\\/#organization\",\"name\":\"Papinska misijska djela u Republici Hrvatskoj\",\"url\":\"https:\\\/\\\/misije.hr\\\/\",\"logo\":{\"@type\":\"ImageObject\",\"inLanguage\":\"en-US\",\"@id\":\"https:\\\/\\\/misije.hr\\\/#\\\/schema\\\/logo\\\/image\\\/\",\"url\":\"https:\\\/\\\/misije.hr\\\/wp-content\\\/uploads\\\/2021\\\/10\\\/Logo_transparent_compressed-1.png\",\"contentUrl\":\"https:\\\/\\\/misije.hr\\\/wp-content\\\/uploads\\\/2021\\\/10\\\/Logo_transparent_compressed-1.png\",\"width\":871,\"height\":876,\"caption\":\"Papinska misijska djela u Republici Hrvatskoj\"},\"image\":{\"@id\":\"https:\\\/\\\/misije.hr\\\/#\\\/schema\\\/logo\\\/image\\\/\"},\"sameAs\":[\"https:\\\/\\\/www.facebook.com\\\/missioHR\"]},{\"@type\":\"Person\",\"@id\":\"https:\\\/\\\/misije.hr\\\/#\\\/schema\\\/person\\\/ad1ec4d5f8ef84d62c2fe51ef22e95e5\",\"name\":\"admin\",\"image\":{\"@type\":\"ImageObject\",\"inLanguage\":\"en-US\",\"@id\":\"https:\\\/\\\/secure.gravatar.com\\\/avatar\\\/a1d39dbeddfde3c9a2aa128bf8293335a65fc53d4f3dba5fb2fbfc9583fe6e67?s=96&d=mm&r=g\",\"url\":\"https:\\\/\\\/secure.gravatar.com\\\/avatar\\\/a1d39dbeddfde3c9a2aa128bf8293335a65fc53d4f3dba5fb2fbfc9583fe6e67?s=96&d=mm&r=g\",\"contentUrl\":\"https:\\\/\\\/secure.gravatar.com\\\/avatar\\\/a1d39dbeddfde3c9a2aa128bf8293335a65fc53d4f3dba5fb2fbfc9583fe6e67?s=96&d=mm&r=g\",\"caption\":\"admin\"},\"url\":\"https:\\\/\\\/misije.hr\\\/en\\\/author\\\/info_u8vvy727\\\/\"}]}<\/script>\n<!-- \/ Yoast SEO plugin. -->","yoast_head_json":{"title":"Misijsko djelovanje labinskog dekanata - Misije","robots":{"index":"index","follow":"follow","max-snippet":"max-snippet:-1","max-image-preview":"max-image-preview:large","max-video-preview":"max-video-preview:-1"},"canonical":"https:\/\/misije.hr\/en\/2020\/01\/misijsko-djelovanje-labinskog-dekanata\/","og_locale":"en_US","og_type":"article","og_title":"Misijsko djelovanje labinskog dekanata - Misije","og_description":"Papa Franjo proglasio je mjesec listopad misijskim mjesecom pod geslom \u201eKr\u0161teni i poslani\u201c. U Pore\u010dkoj i pulskoj biskupiji taj mjesec zapo\u010deo je 1. rujna primanjem misijskog kri\u017ea vl\u010d. Luke Pranji\u0107a, koji je oti\u0161ao u misije u dalek Ekvador.U Labinskom dekanatu otvaranje misijskog mjeseca zapo\u010delo je 1. listopada, na spomendan Male Terezije od Djeteta Isusa, suza\u0161titnice misija, molitvom Misijske krunice prije&hellip;","og_url":"https:\/\/misije.hr\/en\/2020\/01\/misijsko-djelovanje-labinskog-dekanata\/","og_site_name":"Misije","article_publisher":"https:\/\/www.facebook.com\/missioHR","article_published_time":"2020-01-13T13:43:00+00:00","article_modified_time":"2024-02-01T03:50:27+00:00","og_image":[{"width":300,"height":146,"url":"https:\/\/misije.hr\/wp-content\/uploads\/2021\/09\/Labin-2.jpg","type":"image\/jpeg"}],"author":"admin","twitter_card":"summary_large_image","twitter_misc":{"Written by":"admin","Est. reading time":"2 minutes"},"schema":{"@context":"https:\/\/schema.org","@graph":[{"@type":"Article","@id":"https:\/\/misije.hr\/2020\/01\/misijsko-djelovanje-labinskog-dekanata\/#article","isPartOf":{"@id":"https:\/\/misije.hr\/2020\/01\/misijsko-djelovanje-labinskog-dekanata\/"},"author":{"name":"admin","@id":"https:\/\/misije.hr\/#\/schema\/person\/ad1ec4d5f8ef84d62c2fe51ef22e95e5"},"headline":"Misijsko djelovanje labinskog dekanata","datePublished":"2020-01-13T13:43:00+00:00","dateModified":"2024-02-01T03:50:27+00:00","mainEntityOfPage":{"@id":"https:\/\/misije.hr\/2020\/01\/misijsko-djelovanje-labinskog-dekanata\/"},"wordCount":367,"publisher":{"@id":"https:\/\/misije.hr\/#organization"},"image":{"@id":"https:\/\/misije.hr\/2020\/01\/misijsko-djelovanje-labinskog-dekanata\/#primaryimage"},"thumbnailUrl":"https:\/\/misije.hr\/wp-content\/uploads\/2021\/09\/Labin-2.jpg","articleSection":["Misijske aktivnosti"],"inLanguage":"en-US"},{"@type":"WebPage","@id":"https:\/\/misije.hr\/2020\/01\/misijsko-djelovanje-labinskog-dekanata\/","url":"https:\/\/misije.hr\/2020\/01\/misijsko-djelovanje-labinskog-dekanata\/","name":"Misijsko djelovanje labinskog dekanata - Misije","isPartOf":{"@id":"https:\/\/misije.hr\/#website"},"primaryImageOfPage":{"@id":"https:\/\/misije.hr\/2020\/01\/misijsko-djelovanje-labinskog-dekanata\/#primaryimage"},"image":{"@id":"https:\/\/misije.hr\/2020\/01\/misijsko-djelovanje-labinskog-dekanata\/#primaryimage"},"thumbnailUrl":"https:\/\/misije.hr\/wp-content\/uploads\/2021\/09\/Labin-2.jpg","datePublished":"2020-01-13T13:43:00+00:00","dateModified":"2024-02-01T03:50:27+00:00","breadcrumb":{"@id":"https:\/\/misije.hr\/2020\/01\/misijsko-djelovanje-labinskog-dekanata\/#breadcrumb"},"inLanguage":"en-US","potentialAction":[{"@type":"ReadAction","target":["https:\/\/misije.hr\/2020\/01\/misijsko-djelovanje-labinskog-dekanata\/"]}]},{"@type":"ImageObject","inLanguage":"en-US","@id":"https:\/\/misije.hr\/2020\/01\/misijsko-djelovanje-labinskog-dekanata\/#primaryimage","url":"https:\/\/misije.hr\/wp-content\/uploads\/2021\/09\/Labin-2.jpg","contentUrl":"https:\/\/misije.hr\/wp-content\/uploads\/2021\/09\/Labin-2.jpg","width":300,"height":146},{"@type":"BreadcrumbList","@id":"https:\/\/misije.hr\/2020\/01\/misijsko-djelovanje-labinskog-dekanata\/#breadcrumb","itemListElement":[{"@type":"ListItem","position":1,"name":"Naslovnica","item":"https:\/\/misije.hr\/"},{"@type":"ListItem","position":2,"name":"Misijsko djelovanje labinskog dekanata"}]},{"@type":"WebSite","@id":"https:\/\/misije.hr\/#website","url":"https:\/\/misije.hr\/","name":"Missions","description":"misije","publisher":{"@id":"https:\/\/misije.hr\/#organization"},"potentialAction":[{"@type":"SearchAction","target":{"@type":"EntryPoint","urlTemplate":"https:\/\/misije.hr\/?s={search_term_string}"},"query-input":{"@type":"PropertyValueSpecification","valueRequired":true,"valueName":"search_term_string"}}],"inLanguage":"en-US"},{"@type":"Organization","@id":"https:\/\/misije.hr\/#organization","name":"Papinska misijska djela u Republici Hrvatskoj","url":"https:\/\/misije.hr\/","logo":{"@type":"ImageObject","inLanguage":"en-US","@id":"https:\/\/misije.hr\/#\/schema\/logo\/image\/","url":"https:\/\/misije.hr\/wp-content\/uploads\/2021\/10\/Logo_transparent_compressed-1.png","contentUrl":"https:\/\/misije.hr\/wp-content\/uploads\/2021\/10\/Logo_transparent_compressed-1.png","width":871,"height":876,"caption":"Papinska misijska djela u Republici Hrvatskoj"},"image":{"@id":"https:\/\/misije.hr\/#\/schema\/logo\/image\/"},"sameAs":["https:\/\/www.facebook.com\/missioHR"]},{"@type":"Person","@id":"https:\/\/misije.hr\/#\/schema\/person\/ad1ec4d5f8ef84d62c2fe51ef22e95e5","name":"admin","image":{"@type":"ImageObject","inLanguage":"en-US","@id":"https:\/\/secure.gravatar.com\/avatar\/a1d39dbeddfde3c9a2aa128bf8293335a65fc53d4f3dba5fb2fbfc9583fe6e67?s=96&d=mm&r=g","url":"https:\/\/secure.gravatar.com\/avatar\/a1d39dbeddfde3c9a2aa128bf8293335a65fc53d4f3dba5fb2fbfc9583fe6e67?s=96&d=mm&r=g","contentUrl":"https:\/\/secure.gravatar.com\/avatar\/a1d39dbeddfde3c9a2aa128bf8293335a65fc53d4f3dba5fb2fbfc9583fe6e67?s=96&d=mm&r=g","caption":"admin"},"url":"https:\/\/misije.hr\/en\/author\/info_u8vvy727\/"}]}},"_links":{"self":[{"href":"https:\/\/misije.hr\/en\/wp-json\/wp\/v2\/posts\/115","targetHints":{"allow":["GET"]}}],"collection":[{"href":"https:\/\/misije.hr\/en\/wp-json\/wp\/v2\/posts"}],"about":[{"href":"https:\/\/misije.hr\/en\/wp-json\/wp\/v2\/types\/post"}],"author":[{"embeddable":true,"href":"https:\/\/misije.hr\/en\/wp-json\/wp\/v2\/users\/1"}],"replies":[{"embeddable":true,"href":"https:\/\/misije.hr\/en\/wp-json\/wp\/v2\/comments?post=115"}],"version-history":[{"count":1,"href":"https:\/\/misije.hr\/en\/wp-json\/wp\/v2\/posts\/115\/revisions"}],"predecessor-version":[{"id":117,"href":"https:\/\/misije.hr\/en\/wp-json\/wp\/v2\/posts\/115\/revisions\/117"}],"wp:featuredmedia":[{"embeddable":true,"href":"https:\/\/misije.hr\/en\/wp-json\/wp\/v2\/media\/116"}],"wp:attachment":[{"href":"https:\/\/misije.hr\/en\/wp-json\/wp\/v2\/media?parent=115"}],"wp:term":[{"taxonomy":"category","embeddable":true,"href":"https:\/\/misije.hr\/en\/wp-json\/wp\/v2\/categories?post=115"},{"taxonomy":"post_tag","embeddable":true,"href":"https:\/\/misije.hr\/en\/wp-json\/wp\/v2\/tags?post=115"}],"curies":[{"name":"wp","href":"https:\/\/api.w.org\/{rel}","templated":true}]}}